{"id":1257,"date":"2024-05-20T17:35:21","date_gmt":"2024-05-20T17:35:21","guid":{"rendered":"https:\/\/radtec.nl\/b2b-betriebsassistentin\/"},"modified":"2025-02-12T17:39:25","modified_gmt":"2025-02-12T17:39:25","slug":"b2b-betriebsassistentin","status":"publish","type":"post","link":"https:\/\/radtec.nl\/de\/b2b-betriebsassistentin\/","title":{"rendered":"HR Manager"},"content":{"rendered":"\n<p><strong>Stellenbeschreibung<\/strong><\/p>\n\n<ul class=\"wp-block-list\">\n<li>  Verwalten Sie den gesamten Einstellungsprozess f\u00fcr Lager- und B\u00fcropersonal, einschlie\u00dflich Stellenausschreibungen, Bewerberauswahl, Vorstellungsgespr\u00e4che und Stellenangebote;<\/li>\n\n\n\n<li>  Sorgen Sie f\u00fcr einen reibungslosen Onboarding-Prozess f\u00fcr neue Mitarbeiter, einschlie\u00dflich der Orientierung und Integration in die Unternehmenskultur;<\/li>\n\n\n\n<li>Stellen Sie sicher, dass die niederl\u00e4ndischen Arbeitsgesetze und -vorschriften eingehalten werden, und nehmen Sie notwendige Anpassungen der Unternehmensrichtlinien und -verfahren vor;<\/li>\n\n\n\n<li>  Vorbereitung und Verwaltung von Arbeitsvertr\u00e4gen, \u00c4nderungen und K\u00fcndigungsdokumenten;<\/li>\n\n\n\n<li>  F\u00fchren Sie genaue und aktuelle Mitarbeiterakten, verwalten Sie die Anwesenheits-, Urlaubs-, Krankheits- und Feiertagsrichtlinien;<\/li>\n\n\n\n<li>Verwalten Sie Arbeitsgenehmigungen, Visa und andere rechtliche Anforderungen f\u00fcr internationale Mitarbeiter;<\/li>\n\n\n\n<li>Handeln Sie als vertrauensw\u00fcrdiger Berater f\u00fcr Mitarbeiter und Manager in Personalfragen, einschlie\u00dflich Konfliktl\u00f6sung, Leistungsmanagement, Disziplinarma\u00dfnahmen und Vertragsk\u00fcndigungen;<\/li>\n\n\n\n<li>Unterst\u00fctzen Sie die Einf\u00fchrung von Leistungsbeurteilungssystemen und Anreizsystemen;<\/li>\n\n\n\n<li>Ermitteln Sie den Schulungs- und Entwicklungsbedarf und koordinieren Sie entsprechende Programme, um die F\u00e4higkeiten Ihrer Mitarbeiter zu verbessern und ihre Karriere zu f\u00f6rdern;<\/li>\n\n\n\n<li>Beaufsichtigen Sie die Koordination der Gehaltsabrechnung mit dem Buchhalter, um genaue und rechtzeitige Gehaltszahlungen zu gew\u00e4hrleisten;<\/li>\n\n\n\n<li>F\u00fchren Sie ein Gehaltsbenchmarking durch und nehmen Sie an Verg\u00fctungspr\u00fcfungen teil, um wettbewerbsf\u00e4hige und faire Gehaltspraktiken sicherzustellen;<\/li>\n\n\n\n<li>Beteiligen Sie sich an HR-Projekten zur Verwaltung von Programmen f\u00fcr Mitarbeiterleistungen und zur F\u00f6rderung der Unternehmenskultur;<\/li>\n\n\n\n<li>F\u00fchren Sie eine organisatorische Renovierung durch, um die Zusammenarbeit zwischen den Abteilungen zu verbessern und die Arbeitseffizienz und -effektivit\u00e4t zu steigern.<\/li>\n<\/ul>\n\n<p><strong>Berufliche Anforderungen<\/strong><\/p>\n\n<ul class=\"wp-block-list\">\n<li>Gr\u00fcndliche Kenntnisse der niederl\u00e4ndischen Arbeitsgesetze, Vorschriften und Besch\u00e4ftigungspraktiken.<\/li>\n\n\n\n<li>Starke zwischenmenschliche und kommunikative F\u00e4higkeiten;<\/li>\n\n\n\n<li>Ausgezeichnete Organisations- und Probleml\u00f6sungsf\u00e4higkeiten;<\/li>\n\n\n\n<li>Selbstmotiviert und verantwortungsbewusst;<\/li>\n\n\n\n<li>Flie\u00dfende Englischkenntnisse, Niederl\u00e4ndisch ist ein Plus;<\/li>\n\n\n\n<li>3 Jahre Erfahrung im Bereich Personalwesen in einem 3PL-Unternehmen oder in einem internationalen\/multikulturellen Umfeld sind von Vorteil;<\/li>\n\n\n\n<li>Arbeitstyp: Vollzeit<\/li>\n\n\n\n<li>Arbeitsort: Venlo, die Niederlande<\/li>\n\n\n\n<li>Arbeitsvisum vorhanden: Ja<\/li>\n<\/ul>\n\n<p><\/p>\n\n<h2 class=\"wp-block-heading\">Sind Sie derjenige, den wir suchen? Jetzt bewerben!<\/h2>\n\n<p>E-Mail: <a href=\"mailto:hr@radtec.nl\">hr@radtec.nl<\/a><\/p>\n\n<p><\/p>\n","protected":false},"excerpt":{"rendered":"<p>Stellenbeschreibung Berufliche Anforderungen Sind Sie derjenige, den wir suchen? Jetzt bewerben! E-Mail: hr@radtec.nl<\/p>\n","protected":false},"author":1,"featured_media":0,"comment_status":"open","ping_status":"open","sticky":false,"template":"","format":"standard","meta":{"_et_pb_use_builder":"off","_et_pb_old_content":"","_et_gb_content_width":"","inline_featured_image":false,"footnotes":""},"categories":[34],"tags":[],"class_list":["post-1257","post","type-post","status-publish","format-standard","hentry","category-karriere"],"yoast_head":"<!-- This site is optimized with the Yoast SEO plugin v27.4 - https:\/\/yoast.com\/product\/yoast-seo-wordpress\/ -->\n<title>HR Manager - Radtec Logistics<\/title>\n<meta name=\"robots\" content=\"index, follow, max-snippet:-1, max-image-preview:large, max-video-preview:-1\" \/>\n<link rel=\"canonical\" href=\"https:\/\/radtec.nl\/de\/b2b-betriebsassistentin\/\" \/>\n<meta property=\"og:locale\" content=\"de_DE\" \/>\n<meta property=\"og:type\" content=\"article\" \/>\n<meta property=\"og:title\" content=\"HR Manager - Radtec Logistics\" \/>\n<meta property=\"og:description\" content=\"Stellenbeschreibung Berufliche Anforderungen Sind Sie derjenige, den wir suchen? Jetzt bewerben! E-Mail: hr@radtec.nl\" \/>\n<meta property=\"og:url\" content=\"https:\/\/radtec.nl\/de\/b2b-betriebsassistentin\/\" \/>\n<meta property=\"og:site_name\" content=\"Radtec Logistics\" \/>\n<meta property=\"article:published_time\" content=\"2024-05-20T17:35:21+00:00\" \/>\n<meta property=\"article:modified_time\" content=\"2025-02-12T17:39:25+00:00\" \/>\n<meta name=\"author\" content=\"admin\" \/>\n<meta name=\"twitter:card\" content=\"summary_large_image\" \/>\n<meta name=\"twitter:label1\" content=\"Verfasst von\" \/>\n\t<meta name=\"twitter:data1\" content=\"admin\" \/>\n\t<meta name=\"twitter:label2\" content=\"Gesch\u00e4tzte Lesezeit\" \/>\n\t<meta name=\"twitter:data2\" content=\"2\u00a0Minuten\" \/>\n<script type=\"application\/ld+json\" class=\"yoast-schema-graph\">{\"@context\":\"https:\\\/\\\/schema.org\",\"@graph\":[{\"@type\":\"Article\",\"@id\":\"https:\\\/\\\/radtec.nl\\\/de\\\/b2b-betriebsassistentin\\\/#article\",\"isPartOf\":{\"@id\":\"https:\\\/\\\/radtec.nl\\\/de\\\/b2b-betriebsassistentin\\\/\"},\"author\":{\"name\":\"admin\",\"@id\":\"https:\\\/\\\/radtec.damarz.nl\\\/#\\\/schema\\\/person\\\/f9f97f8038da03f538cfacc9f8835bac\"},\"headline\":\"HR Manager\",\"datePublished\":\"2024-05-20T17:35:21+00:00\",\"dateModified\":\"2025-02-12T17:39:25+00:00\",\"mainEntityOfPage\":{\"@id\":\"https:\\\/\\\/radtec.nl\\\/de\\\/b2b-betriebsassistentin\\\/\"},\"wordCount\":312,\"commentCount\":0,\"articleSection\":[\"Karriere\"],\"inLanguage\":\"de\",\"potentialAction\":[{\"@type\":\"CommentAction\",\"name\":\"Comment\",\"target\":[\"https:\\\/\\\/radtec.nl\\\/de\\\/b2b-betriebsassistentin\\\/#respond\"]}]},{\"@type\":\"WebPage\",\"@id\":\"https:\\\/\\\/radtec.nl\\\/de\\\/b2b-betriebsassistentin\\\/\",\"url\":\"https:\\\/\\\/radtec.nl\\\/de\\\/b2b-betriebsassistentin\\\/\",\"name\":\"HR Manager - Radtec Logistics\",\"isPartOf\":{\"@id\":\"https:\\\/\\\/radtec.damarz.nl\\\/#website\"},\"datePublished\":\"2024-05-20T17:35:21+00:00\",\"dateModified\":\"2025-02-12T17:39:25+00:00\",\"author\":{\"@id\":\"https:\\\/\\\/radtec.damarz.nl\\\/#\\\/schema\\\/person\\\/f9f97f8038da03f538cfacc9f8835bac\"},\"breadcrumb\":{\"@id\":\"https:\\\/\\\/radtec.nl\\\/de\\\/b2b-betriebsassistentin\\\/#breadcrumb\"},\"inLanguage\":\"de\",\"potentialAction\":[{\"@type\":\"ReadAction\",\"target\":[\"https:\\\/\\\/radtec.nl\\\/de\\\/b2b-betriebsassistentin\\\/\"]}]},{\"@type\":\"BreadcrumbList\",\"@id\":\"https:\\\/\\\/radtec.nl\\\/de\\\/b2b-betriebsassistentin\\\/#breadcrumb\",\"itemListElement\":[{\"@type\":\"ListItem\",\"position\":1,\"name\":\"Home\",\"item\":\"https:\\\/\\\/radtec.nl\\\/de\\\/heim\\\/\"},{\"@type\":\"ListItem\",\"position\":2,\"name\":\"HR Manager\"}]},{\"@type\":\"WebSite\",\"@id\":\"https:\\\/\\\/radtec.damarz.nl\\\/#website\",\"url\":\"https:\\\/\\\/radtec.damarz.nl\\\/\",\"name\":\"Radtec Logistics\",\"description\":\"Forwarding &amp; transport | Warehousing | Supply chain management\",\"potentialAction\":[{\"@type\":\"SearchAction\",\"target\":{\"@type\":\"EntryPoint\",\"urlTemplate\":\"https:\\\/\\\/radtec.damarz.nl\\\/?s={search_term_string}\"},\"query-input\":{\"@type\":\"PropertyValueSpecification\",\"valueRequired\":true,\"valueName\":\"search_term_string\"}}],\"inLanguage\":\"de\"},{\"@type\":\"Person\",\"@id\":\"https:\\\/\\\/radtec.damarz.nl\\\/#\\\/schema\\\/person\\\/f9f97f8038da03f538cfacc9f8835bac\",\"name\":\"admin\",\"image\":{\"@type\":\"ImageObject\",\"inLanguage\":\"de\",\"@id\":\"https:\\\/\\\/secure.gravatar.com\\\/avatar\\\/7c67b30ba1b851e46d64a33ae1ff8f090826619c792810eaaa65dbb569d7fe31?s=96&d=mm&r=g\",\"url\":\"https:\\\/\\\/secure.gravatar.com\\\/avatar\\\/7c67b30ba1b851e46d64a33ae1ff8f090826619c792810eaaa65dbb569d7fe31?s=96&d=mm&r=g\",\"contentUrl\":\"https:\\\/\\\/secure.gravatar.com\\\/avatar\\\/7c67b30ba1b851e46d64a33ae1ff8f090826619c792810eaaa65dbb569d7fe31?s=96&d=mm&r=g\",\"caption\":\"admin\"},\"sameAs\":[\"https:\\\/\\\/radtec.damarz.nl\"],\"url\":\"https:\\\/\\\/radtec.nl\\\/de\\\/author\\\/mvhemert\\\/\"}]}<\/script>\n<!-- \/ Yoast SEO plugin. -->","yoast_head_json":{"title":"HR Manager - Radtec Logistics","robots":{"index":"index","follow":"follow","max-snippet":"max-snippet:-1","max-image-preview":"max-image-preview:large","max-video-preview":"max-video-preview:-1"},"canonical":"https:\/\/radtec.nl\/de\/b2b-betriebsassistentin\/","og_locale":"de_DE","og_type":"article","og_title":"HR Manager - Radtec Logistics","og_description":"Stellenbeschreibung Berufliche Anforderungen Sind Sie derjenige, den wir suchen? Jetzt bewerben! E-Mail: hr@radtec.nl","og_url":"https:\/\/radtec.nl\/de\/b2b-betriebsassistentin\/","og_site_name":"Radtec Logistics","article_published_time":"2024-05-20T17:35:21+00:00","article_modified_time":"2025-02-12T17:39:25+00:00","author":"admin","twitter_card":"summary_large_image","twitter_misc":{"Verfasst von":"admin","Gesch\u00e4tzte Lesezeit":"2\u00a0Minuten"},"schema":{"@context":"https:\/\/schema.org","@graph":[{"@type":"Article","@id":"https:\/\/radtec.nl\/de\/b2b-betriebsassistentin\/#article","isPartOf":{"@id":"https:\/\/radtec.nl\/de\/b2b-betriebsassistentin\/"},"author":{"name":"admin","@id":"https:\/\/radtec.damarz.nl\/#\/schema\/person\/f9f97f8038da03f538cfacc9f8835bac"},"headline":"HR Manager","datePublished":"2024-05-20T17:35:21+00:00","dateModified":"2025-02-12T17:39:25+00:00","mainEntityOfPage":{"@id":"https:\/\/radtec.nl\/de\/b2b-betriebsassistentin\/"},"wordCount":312,"commentCount":0,"articleSection":["Karriere"],"inLanguage":"de","potentialAction":[{"@type":"CommentAction","name":"Comment","target":["https:\/\/radtec.nl\/de\/b2b-betriebsassistentin\/#respond"]}]},{"@type":"WebPage","@id":"https:\/\/radtec.nl\/de\/b2b-betriebsassistentin\/","url":"https:\/\/radtec.nl\/de\/b2b-betriebsassistentin\/","name":"HR Manager - Radtec Logistics","isPartOf":{"@id":"https:\/\/radtec.damarz.nl\/#website"},"datePublished":"2024-05-20T17:35:21+00:00","dateModified":"2025-02-12T17:39:25+00:00","author":{"@id":"https:\/\/radtec.damarz.nl\/#\/schema\/person\/f9f97f8038da03f538cfacc9f8835bac"},"breadcrumb":{"@id":"https:\/\/radtec.nl\/de\/b2b-betriebsassistentin\/#breadcrumb"},"inLanguage":"de","potentialAction":[{"@type":"ReadAction","target":["https:\/\/radtec.nl\/de\/b2b-betriebsassistentin\/"]}]},{"@type":"BreadcrumbList","@id":"https:\/\/radtec.nl\/de\/b2b-betriebsassistentin\/#breadcrumb","itemListElement":[{"@type":"ListItem","position":1,"name":"Home","item":"https:\/\/radtec.nl\/de\/heim\/"},{"@type":"ListItem","position":2,"name":"HR Manager"}]},{"@type":"WebSite","@id":"https:\/\/radtec.damarz.nl\/#website","url":"https:\/\/radtec.damarz.nl\/","name":"Radtec Logistics","description":"Forwarding &amp; transport | Warehousing | Supply chain management","potentialAction":[{"@type":"SearchAction","target":{"@type":"EntryPoint","urlTemplate":"https:\/\/radtec.damarz.nl\/?s={search_term_string}"},"query-input":{"@type":"PropertyValueSpecification","valueRequired":true,"valueName":"search_term_string"}}],"inLanguage":"de"},{"@type":"Person","@id":"https:\/\/radtec.damarz.nl\/#\/schema\/person\/f9f97f8038da03f538cfacc9f8835bac","name":"admin","image":{"@type":"ImageObject","inLanguage":"de","@id":"https:\/\/secure.gravatar.com\/avatar\/7c67b30ba1b851e46d64a33ae1ff8f090826619c792810eaaa65dbb569d7fe31?s=96&d=mm&r=g","url":"https:\/\/secure.gravatar.com\/avatar\/7c67b30ba1b851e46d64a33ae1ff8f090826619c792810eaaa65dbb569d7fe31?s=96&d=mm&r=g","contentUrl":"https:\/\/secure.gravatar.com\/avatar\/7c67b30ba1b851e46d64a33ae1ff8f090826619c792810eaaa65dbb569d7fe31?s=96&d=mm&r=g","caption":"admin"},"sameAs":["https:\/\/radtec.damarz.nl"],"url":"https:\/\/radtec.nl\/de\/author\/mvhemert\/"}]}},"_links":{"self":[{"href":"https:\/\/radtec.nl\/de\/wp-json\/wp\/v2\/posts\/1257","targetHints":{"allow":["GET"]}}],"collection":[{"href":"https:\/\/radtec.nl\/de\/wp-json\/wp\/v2\/posts"}],"about":[{"href":"https:\/\/radtec.nl\/de\/wp-json\/wp\/v2\/types\/post"}],"author":[{"embeddable":true,"href":"https:\/\/radtec.nl\/de\/wp-json\/wp\/v2\/users\/1"}],"replies":[{"embeddable":true,"href":"https:\/\/radtec.nl\/de\/wp-json\/wp\/v2\/comments?post=1257"}],"version-history":[{"count":27,"href":"https:\/\/radtec.nl\/de\/wp-json\/wp\/v2\/posts\/1257\/revisions"}],"predecessor-version":[{"id":1567,"href":"https:\/\/radtec.nl\/de\/wp-json\/wp\/v2\/posts\/1257\/revisions\/1567"}],"wp:attachment":[{"href":"https:\/\/radtec.nl\/de\/wp-json\/wp\/v2\/media?parent=1257"}],"wp:term":[{"taxonomy":"category","embeddable":true,"href":"https:\/\/radtec.nl\/de\/wp-json\/wp\/v2\/categories?post=1257"},{"taxonomy":"post_tag","embeddable":true,"href":"https:\/\/radtec.nl\/de\/wp-json\/wp\/v2\/tags?post=1257"}],"curies":[{"name":"wp","href":"https:\/\/api.w.org\/{rel}","templated":true}]}}